{"id":1552,"date":"2021-08-20T00:26:49","date_gmt":"2021-08-19T22:26:49","guid":{"rendered":"https:\/\/www.andreas-mehltretter.de\/wp\/?p=1552"},"modified":"2021-08-23T20:35:47","modified_gmt":"2021-08-23T18:35:47","slug":"investitionen-und-gerechte-steuern-die-richtige-finanzpolitik-fuer-die-herausforderungen-unserer-zeit","status":"publish","type":"post","link":"https:\/\/www.andreas-mehltretter.de\/archiv\/2021\/08\/investitionen-und-gerechte-steuern-die-richtige-finanzpolitik-fuer-die-herausforderungen-unserer-zeit\/","title":{"rendered":"Investitionen und gerechte Steuern: die richtige Finanzpolitik f\u00fcr die Herausforderungen unserer Zeit"},"content":{"rendered":"\n<p><strong>Herzliche Einladung zur Diskussionsveranstaltung<\/strong> <strong>\u201e<strong>Investitionen und gerechte Steuern: die richtige Finanzpolitik f\u00fcr die Herausforderungen unserer Zeit<\/strong>\u201c<\/strong><\/p>\n\n\n\n<p class=\"has-text-align-center\">am <strong>Dienstag, 31. August,<\/strong> um<strong> 19.30 Uhr<\/strong><\/p>\n\n\n\n<p>mit <strong>Philippa Sigl-Gl\u00f6ckner<\/strong>, Direktorin des Thinktanks \u201eDezernat Zukunft\u201c.<\/p>\n\n\n\n<p><strong>Zugangslink zur Zoom-Videokonferenz<\/strong>: <a href=\"https:\/\/us06web.zoom.us\/j\/85405018114?pwd=a09JdHg5WExCK1lyTCtIQ0htWlFHUT09\">https:\/\/us06web.zoom.us\/j\/85405018114?pwd=a09JdHg5WExCK1lyTCtIQ0htWlFHUT09<\/a> (Meeting-ID: 854 0501 8114, Kenncode: 065230)<\/p>\n\n\n\n<p>In der Corona-Krise hat der deutsche Staat viel Geld in die Hand genommen, damit Menschen ihren Lebensunterhalt weiter bestreiten k\u00f6nnen und Unternehmen \u00fcberleben. Gleichzeitig stehen gro\u00dfe Herausforderungen an, auf die wir uns mit Investitionen vorbereiten m\u00fcssen: Wir brauchen schnelles Internet, um in der digitalisierten Welt mithalten zu k\u00f6nnen, wir brauchen mehr Wohnungen, um den Mietenanstieg in den Griff zu bekommen, und wir m\u00fcssen den Umbau unserer Wirtschaft zur Klimaneutralit\u00e4t stemmen.<\/p>\n\n\n\n<p>Wie k\u00f6nnen wir diese Herausforderungen gerecht finanzieren? Warum ist jetzt der richtige Zeitpunkt f\u00fcr Investitionen, und warum w\u00e4re ein Sparkurs genau der falsche Ansatz? Und verlagern Staatsschulden wirklich finanzielle Lasten einseitig auf zuk\u00fcnftige Generationen, oder verschulden wir uns nicht vielmehr mit ausbleibenden Investitionen bei den J\u00fcngeren?<\/p>\n\n\n\n<p>Das wollen wir diskutieren mit Philippa Sigl-Gl\u00f6ckner, Direktorin des Thinktanks \u201eDezernat Zukunft\u201c und ehemalige Mitarbeiterin im Bundesfinanzministerium.<\/p>\n\n\n\n<figure class=\"wp-block-image size-large\"><img loading=\"lazy\" decoding=\"async\" width=\"1024\" height=\"531\" src=\"https:\/\/www.andreas-mehltretter.de\/wp\/wp-content\/uploads\/2021\/08\/2021-08-31-Facebook-Cover-highres-1024x531.jpg\" alt=\"\" class=\"wp-image-1550\" srcset=\"https:\/\/www.andreas-mehltretter.de\/archiv\/wp-content\/uploads\/2021\/08\/2021-08-31-Facebook-Cover-highres-1024x531.jpg 1024w, https:\/\/www.andreas-mehltretter.de\/archiv\/wp-content\/uploads\/2021\/08\/2021-08-31-Facebook-Cover-highres-300x155.jpg 300w, https:\/\/www.andreas-mehltretter.de\/archiv\/wp-content\/uploads\/2021\/08\/2021-08-31-Facebook-Cover-highres-768x398.jpg 768w, https:\/\/www.andreas-mehltretter.de\/archiv\/wp-content\/uploads\/2021\/08\/2021-08-31-Facebook-Cover-highres-1536x796.jpg 1536w, https:\/\/www.andreas-mehltretter.de\/archiv\/wp-content\/uploads\/2021\/08\/2021-08-31-Facebook-Cover-highres.jpg 1600w\" sizes=\"auto, (max-width: 1024px) 100vw, 1024px\" \/><\/figure>\n","protected":false},"excerpt":{"rendered":"<p>Herzliche Einladung zur Diskussionsveranstaltung \u201eInvestitionen und gerechte Steuern: die richtige Finanzpolitik f\u00fcr die Herausforderungen unserer Zeit\u201c am Dienstag, 31. August, &hellip; <a href=\"https:\/\/www.andreas-mehltretter.de\/archiv\/2021\/08\/investitionen-und-gerechte-steuern-die-richtige-finanzpolitik-fuer-die-herausforderungen-unserer-zeit\/\" class=\"more-link\">Continue reading <span class=\"screen-reader-text\">Investitionen und gerechte Steuern: die richtige Finanzpolitik f\u00fcr die Herausforderungen unserer Zeit<\/span><\/a><\/p>\n","protected":false},"author":2,"featured_media":0,"comment_status":"open","ping_status":"open","sticky":false,"template":"","format":"standard","meta":{"jetpack_post_was_ever_published":false,"_jetpack_newsletter_access":"","_jetpack_dont_email_post_to_subs":false,"_jetpack_newsletter_tier_id":0,"_jetpack_memberships_contains_paywalled_content":false,"_jetpack_memberships_contains_paid_content":false,"footnotes":"","jetpack_publicize_message":"","jetpack_publicize_feature_enabled":true,"jetpack_social_post_already_shared":true,"jetpack_social_options":{"image_generator_settings":{"template":"highway","default_image_id":0,"font":"","enabled":false},"version":2}},"categories":[7],"tags":[],"class_list":["post-1552","post","type-post","status-publish","format-standard","hentry","category-spd"],"jetpack_publicize_connections":[],"jetpack_featured_media_url":"","jetpack_sharing_enabled":true,"_links":{"self":[{"href":"https:\/\/www.andreas-mehltretter.de\/archiv\/wp-json\/wp\/v2\/posts\/1552","targetHints":{"allow":["GET"]}}],"collection":[{"href":"https:\/\/www.andreas-mehltretter.de\/archiv\/wp-json\/wp\/v2\/posts"}],"about":[{"href":"https:\/\/www.andreas-mehltretter.de\/archiv\/wp-json\/wp\/v2\/types\/post"}],"author":[{"embeddable":true,"href":"https:\/\/www.andreas-mehltretter.de\/archiv\/wp-json\/wp\/v2\/users\/2"}],"replies":[{"embeddable":true,"href":"https:\/\/www.andreas-mehltretter.de\/archiv\/wp-json\/wp\/v2\/comments?post=1552"}],"version-history":[{"count":1,"href":"https:\/\/www.andreas-mehltretter.de\/archiv\/wp-json\/wp\/v2\/posts\/1552\/revisions"}],"predecessor-version":[{"id":1553,"href":"https:\/\/www.andreas-mehltretter.de\/archiv\/wp-json\/wp\/v2\/posts\/1552\/revisions\/1553"}],"wp:attachment":[{"href":"https:\/\/www.andreas-mehltretter.de\/archiv\/wp-json\/wp\/v2\/media?parent=1552"}],"wp:term":[{"taxonomy":"category","embeddable":true,"href":"https:\/\/www.andreas-mehltretter.de\/archiv\/wp-json\/wp\/v2\/categories?post=1552"},{"taxonomy":"post_tag","embeddable":true,"href":"https:\/\/www.andreas-mehltretter.de\/archiv\/wp-json\/wp\/v2\/tags?post=1552"}],"curies":[{"name":"wp","href":"https:\/\/api.w.org\/{rel}","templated":true}]}}