{"id":66,"date":"2010-01-12T20:09:07","date_gmt":"2010-01-12T19:09:07","guid":{"rendered":"http:\/\/andreasmehltretter.wordpress.com\/?p=66"},"modified":"2010-01-12T20:09:07","modified_gmt":"2010-01-12T19:09:07","slug":"warum-ich-jetzt-pirat-bin","status":"publish","type":"post","link":"https:\/\/www.andreas-mehltretter.de\/archiv\/2010\/01\/warum-ich-jetzt-pirat-bin\/","title":{"rendered":"Warum ich jetzt Pirat bin"},"content":{"rendered":"<p>Die Entscheidung habe ich ja lange hinausgez\u00f6gert. Seit Mitte September war ich immer wieder bei den Stammtischen der M\u00fcnchner Piraten, entschlie\u00dfen, endlich beizutreten, konnte ich mich aber lange nicht.<\/p>\n<p>In der ersten Zeit war da nat\u00fcrlich die Frage, ob die politische Richtung, die die Piraten einschlagen, \u00fcberhaupt mit meinen Vorstellungen ausreichend \u00fcbereinstimmt. Nach einigen Gespr\u00e4chen stellte sich aber heraus, dass ich mit den meisten Piraten gut zurechtkomme. Zwar gibt es oft differierende Meinungen, doch letztlich stimmen unsere grundlegenden Wertevorstellungen gr\u00f6\u00dftenteils \u00fcberein.<\/p>\n<p>In der Meinung, dass ich \u00e4hnliche Ansichten habe wie die meisten anderen Piraten, bekr\u00e4ftigte mich auch der <a href=\"http:\/\/www.politicalcompass.org\/\" target=\"_blank\">politische Kompass<\/a>, der mich, wie fast alle anderen Piraten <a href=\"http:\/\/adrianlang.de\/piratenkompass\/\" target=\"_blank\">auch<\/a>, im dritten Quadranten platzierte. Au\u00dferdem war ich \u00e4u\u00dferst positiv \u00fcberrascht vom \u2013 zwar inoffiziellen, aber deswegen umso besseren \u2013 <a href=\"http:\/\/wiki.piratenpartei.de\/Kodex\" target=\"_blank\">Kodex<\/a> der Piraten.<\/p>\n<p>Schlie\u00dflich stellte sich mir noch die Frage, wie es um das Programm der Partei bestellt ist. Klar, B\u00fcrgerrechte <em>sind<\/em> das \u00fcbergeordnete Thema der Piraten, und das ist auch gut so. Nur: Dieses \u00fcbergeordnete Paradigma sollte sich in mehr politischen Bereichen niederschlagen als den wenigen, die im Partei- und Wahlprogramm zur Bundestagswahl 09 aufgef\u00fchrt sind. Sicher, die dort enthaltenen Themen sind wichtig \u2013 andere sind es aber auch.<\/p>\n<p>So musste ich mich noch davon \u00fcberzeugen, dass eine Erweiterung des Programms m\u00f6glich ist \u2013 ansonsten wird die Partei meiner Einsch\u00e4tzung nach keine gro\u00dfe Zukunft haben. \u2013 Dass eine Erweiterung in dem von mir gew\u00fcnschten Ausma\u00df passieren wird, davon bin ich nicht \u00fcberzeugt. Aber ich glaube, dass ich als Pirat daran mitwirken kann.<\/p>\n<p>Viele politische Positionen lassen sich n\u00e4mlich aus den Werten, die die Piraten auch in den bisher gesetzten Themen vertreten, bereits ableiten; so sollte es zumindest m\u00f6glich sein, zu allen wichtigen Gebieten wie der Sozial-, Wirtschafts-, Gesundheits- und\u00a0Umweltpolitik einen Grundkonsens zu finden, den man ins Parteiprogramm schreiben kann. Denn nur wenn sich unsere Positionen nach au\u00dfen klar darstellen, werden wir f\u00fcr mehr B\u00fcrger w\u00e4hlbar. Und wir m\u00fcssen f\u00fcr mehr B\u00fcrger w\u00e4hlbar werden, um all die Themen, die uns wichtig sind, politisch nach vorne zu bringen.<\/p>\n","protected":false},"excerpt":{"rendered":"<p>Die Entscheidung habe ich ja lange hinausgez\u00f6gert. Seit Mitte September war ich immer wieder bei den Stammtischen der M\u00fcnchner Piraten, &hellip; <a href=\"https:\/\/www.andreas-mehltretter.de\/archiv\/2010\/01\/warum-ich-jetzt-pirat-bin\/\" class=\"more-link\">Continue reading <span class=\"screen-reader-text\">Warum ich jetzt Pirat bin<\/span><\/a><\/p>\n","protected":false},"author":2,"featured_media":0,"comment_status":"open","ping_status":"open","sticky":false,"template":"","format":"standard","meta":{"jetpack_post_was_ever_published":false,"_jetpack_newsletter_access":"","_jetpack_dont_email_post_to_subs":false,"_jetpack_newsletter_tier_id":0,"_jetpack_memberships_contains_paywalled_content":false,"_jetpack_memberships_contains_paid_content":false,"footnotes":"","jetpack_publicize_message":"","jetpack_publicize_feature_enabled":true,"jetpack_social_post_already_shared":false,"jetpack_social_options":{"image_generator_settings":{"template":"highway","default_image_id":0,"font":"","enabled":false},"version":2}},"categories":[2],"tags":[],"class_list":["post-66","post","type-post","status-publish","format-standard","hentry","category-politisches"],"jetpack_publicize_connections":[],"jetpack_featured_media_url":"","jetpack_sharing_enabled":true,"_links":{"self":[{"href":"https:\/\/www.andreas-mehltretter.de\/archiv\/wp-json\/wp\/v2\/posts\/66","targetHints":{"allow":["GET"]}}],"collection":[{"href":"https:\/\/www.andreas-mehltretter.de\/archiv\/wp-json\/wp\/v2\/posts"}],"about":[{"href":"https:\/\/www.andreas-mehltretter.de\/archiv\/wp-json\/wp\/v2\/types\/post"}],"author":[{"embeddable":true,"href":"https:\/\/www.andreas-mehltretter.de\/archiv\/wp-json\/wp\/v2\/users\/2"}],"replies":[{"embeddable":true,"href":"https:\/\/www.andreas-mehltretter.de\/archiv\/wp-json\/wp\/v2\/comments?post=66"}],"version-history":[{"count":0,"href":"https:\/\/www.andreas-mehltretter.de\/archiv\/wp-json\/wp\/v2\/posts\/66\/revisions"}],"wp:attachment":[{"href":"https:\/\/www.andreas-mehltretter.de\/archiv\/wp-json\/wp\/v2\/media?parent=66"}],"wp:term":[{"taxonomy":"category","embeddable":true,"href":"https:\/\/www.andreas-mehltretter.de\/archiv\/wp-json\/wp\/v2\/categories?post=66"},{"taxonomy":"post_tag","embeddable":true,"href":"https:\/\/www.andreas-mehltretter.de\/archiv\/wp-json\/wp\/v2\/tags?post=66"}],"curies":[{"name":"wp","href":"https:\/\/api.w.org\/{rel}","templated":true}]}}